{"id":2864,"date":"2026-03-13T15:49:06","date_gmt":"2026-03-13T14:49:06","guid":{"rendered":"https:\/\/www.qmd-aesthetics.com\/?p=2864"},"modified":"2026-03-13T15:49:24","modified_gmt":"2026-03-13T14:49:24","slug":"cosmoprof-worldwide-bologna-2026","status":"publish","type":"post","link":"https:\/\/www.qmd-aesthetics.com\/de\/2026\/03\/13\/cosmoprof-worldwide-bologna-2026\/","title":{"rendered":"Cosmoprof Worldwide Bologna 2026"},"content":{"rendered":"\n<div class=\"wp-block-group has-accent-3-background-color has-background has-global-padding is-layout-constrained wp-block-group-is-layout-constrained\">\n<figure class=\"wp-block-image aligncenter size-large is-resized is-style-default\"><img loading=\"lazy\" decoding=\"async\" width=\"1366\" height=\"768\" src=\"https:\/\/www.qmd-aesthetics.com\/wp-content\/uploads\/2026\/03\/cosmoprof-post-sito-web.png\" alt=\"\" class=\"wp-image-2868\" style=\"width:1410px;height:auto\" srcset=\"https:\/\/www.qmd-aesthetics.com\/wp-content\/uploads\/2026\/03\/cosmoprof-post-sito-web.png 1366w, https:\/\/www.qmd-aesthetics.com\/wp-content\/uploads\/2026\/03\/cosmoprof-post-sito-web-700x394.png 700w, https:\/\/www.qmd-aesthetics.com\/wp-content\/uploads\/2026\/03\/cosmoprof-post-sito-web-768x432.png 768w\" sizes=\"(max-width: 1366px) 100vw, 1366px\" \/><\/figure>\n<\/div>\n\n\n\n<p><strong>Hakomed Italia<\/strong> freut sich, Ihnen mitteilen zu k\u00f6nnen, dass wir vom <strong>26. bis 29. M\u00e4rz 2026<\/strong> bereits zum <strong>4. Mal<\/strong> auf der Cosmoprof Worldwide Bologna vertreten sein werden.<\/p>\n\n\n\n<p>Auf einer der weltweit f\u00fchrenden Messen f\u00fcr professionelle Kosmetik und \u00e4sthetische Technologien pr\u00e4sentieren wir unsere innovativen Beauty-Ger\u00e4te der Marke <strong>qmd\u00ae<\/strong> und geben Einblick in die neuesten Entwicklungen unseres Portfolios.<\/p>\n\n\n\n<h3 class=\"wp-block-heading\">Premiere 2026: Unser neues \u00c4sthetik-Ger\u00e4t<\/h3>\n\n\n\n<p>Ein besonderes Highlight in diesem Jahr:<br><strong>Erstmals stellen wir unser neues \u00c4sthetik-Ger\u00e4t der \u00d6ffentlichkeit vor.<\/strong><\/p>\n\n\n\n<p>Mit dieser Innovation erweitern wir unser Angebot im Bereich moderner \u00e4sthetischer Technologien und setzen neue Impulse f\u00fcr Effizienz, Performance und Behandlungskomfort im Studio- und Praxisalltag.<\/p>\n\n\n\n<h3 class=\"wp-block-heading\">Besuchen Sie uns in Halle 29 \u2013 Stand C33<\/h3>\n\n\n\n<p>Erleben Sie unsere Ger\u00e4te live, lassen Sie sich individuell beraten und entdecken Sie, wie qmd\u00ae-Technologien Ihr Leistungsangebot erweitern k\u00f6nnen.<\/p>\n\n\n\n<p>Die Cosmoprof gilt seit Jahrzehnten als internationale Referenzveranstaltung der Beauty-Branche \u2013 und wir sind stolz, auch 2026 wieder Teil dieses bedeutenden Events zu sein.<\/p>\n\n\n\n<figure class=\"wp-block-gallery has-nested-images columns-default is-cropped wp-block-gallery-1 is-layout-flex wp-block-gallery-is-layout-flex\">\n<figure data-wp-context=\"{ &quot;core&quot;:\n\t\t\t\t{ &quot;image&quot;:\n\t\t\t\t\t{   &quot;imageLoaded&quot;: false,\n\t\t\t\t\t\t&quot;initialized&quot;: false,\n\t\t\t\t\t\t&quot;lightboxEnabled&quot;: false,\n\t\t\t\t\t\t&quot;hideAnimationEnabled&quot;: false,\n\t\t\t\t\t\t&quot;preloadInitialized&quot;: false,\n\t\t\t\t\t\t&quot;lightboxAnimation&quot;: &quot;zoom&quot;,\n\t\t\t\t\t\t&quot;imageUploadedSrc&quot;: &quot;https:\/\/www.qmd-aesthetics.com\/wp-content\/uploads\/2024\/05\/1715260141548.jpg&quot;,\n\t\t\t\t\t\t&quot;imageCurrentSrc&quot;: &quot;&quot;,\n\t\t\t\t\t\t&quot;targetWidth&quot;: &quot;2048&quot;,\n\t\t\t\t\t\t&quot;targetHeight&quot;: &quot;1532&quot;,\n\t\t\t\t\t\t&quot;scaleAttr&quot;: &quot;&quot;,\n\t\t\t\t\t\t&quot;dialogLabel&quot;: &quot;Vergr\u00f6\u00dfertes Bild&quot;\n\t\t\t\t\t}\n\t\t\t\t}\n\t\t\t}\" data-wp-interactive class=\"wp-block-image size-large is-style-rounded wp-lightbox-container\"><img loading=\"lazy\" decoding=\"async\" width=\"1400\" height=\"1047\" data-wp-effect--setStylesOnResize=\"effects.core.image.setStylesOnResize\" data-wp-effect=\"effects.core.image.setButtonStyles\" data-wp-init=\"effects.core.image.initOriginImage\" data-wp-on--click=\"actions.core.image.showLightbox\" data-wp-on--load=\"actions.core.image.handleLoad\" data-id=\"2308\" src=\"https:\/\/www.qmd-aesthetics.com\/wp-content\/uploads\/2024\/05\/1715260141548-1400x1047.jpg\" alt=\"\" class=\"wp-image-2308\" srcset=\"https:\/\/www.qmd-aesthetics.com\/wp-content\/uploads\/2024\/05\/1715260141548-1400x1047.jpg 1400w, https:\/\/www.qmd-aesthetics.com\/wp-content\/uploads\/2024\/05\/1715260141548.jpg 2048w, https:\/\/www.qmd-aesthetics.com\/wp-content\/uploads\/2024\/05\/1715260141548-700x524.jpg 700w, https:\/\/www.qmd-aesthetics.com\/wp-content\/uploads\/2024\/05\/1715260141548-768x575.jpg 768w, https:\/\/www.qmd-aesthetics.com\/wp-content\/uploads\/2024\/05\/1715260141548-1536x1149.jpg 1536w\" sizes=\"(max-width: 1400px) 100vw, 1400px\" \/><button\n\t\t\tclass=\"lightbox-trigger\"\n\t\t\ttype=\"button\"\n\t\t\taria-haspopup=\"dialog\"\n\t\t\taria-label=\"Bild vergr\u00f6\u00dfern\"\n\t\t\tdata-wp-on--click=\"actions.core.image.showLightbox\"\n\t\t\tdata-wp-style--right=\"context.core.image.imageButtonRight\"\n\t\t\tdata-wp-style--top=\"context.core.image.imageButtonTop\"\n\t\t>\n\t\t\t<svg xmlns=\"http:\/\/www.w3.org\/2000\/svg\" width=\"12\" height=\"12\" fill=\"none\" viewBox=\"0 0 12 12\">\n\t\t\t\t<path fill=\"#fff\" d=\"M2 0a2 2 0 0 0-2 2v2h1.5V2a.5.5 0 0 1 .5-.5h2V0H2Zm2 10.5H2a.5.5 0 0 1-.5-.5V8H0v2a2 2 0 0 0 2 2h2v-1.5ZM8 12v-1.5h2a.5.5 0 0 0 .5-.5V8H12v2a2 2 0 0 1-2 2H8Zm2-12a2 2 0 0 1 2 2v2h-1.5V2a.5.5 0 0 0-.5-.5H8V0h2Z\" \/>\n\t\t\t<\/svg>\n\t\t<\/button>        <div data-wp-body=\"\" class=\"wp-lightbox-overlay zoom\"\n            data-wp-bind--role=\"selectors.core.image.roleAttribute\"\n            data-wp-bind--aria-label=\"selectors.core.image.dialogLabel\"\n            data-wp-class--initialized=\"context.core.image.initialized\"\n            data-wp-class--active=\"context.core.image.lightboxEnabled\"\n            data-wp-class--hideAnimationEnabled=\"context.core.image.hideAnimationEnabled\"\n            data-wp-bind--aria-modal=\"selectors.core.image.ariaModal\"\n            data-wp-effect=\"effects.core.image.initLightbox\"\n            data-wp-on--keydown=\"actions.core.image.handleKeydown\"\n            data-wp-on--touchstart=\"actions.core.image.handleTouchStart\"\n            data-wp-on--touchmove=\"actions.core.image.handleTouchMove\"\n            data-wp-on--touchend=\"actions.core.image.handleTouchEnd\"\n            data-wp-on--click=\"actions.core.image.hideLightbox\"\n            tabindex=\"-1\"\n            >\n                <button type=\"button\" aria-label=\"Schlie\u00dfen\" style=\"fill: var(--wp--preset--color--contrast)\" class=\"close-button\" data-wp-on--click=\"actions.core.image.hideLightbox\">\n                    <svg xmlns=\"http:\/\/www.w3.org\/2000\/svg\" viewBox=\"0 0 24 24\" width=\"20\" height=\"20\" aria-hidden=\"true\" focusable=\"false\"><path d=\"M13 11.8l6.1-6.3-1-1-6.1 6.2-6.1-6.2-1 1 6.1 6.3-6.5 6.7 1 1 6.5-6.6 6.5 6.6 1-1z\"><\/path><\/svg>\n                <\/button>\n                <div class=\"lightbox-image-container\">\n<figure class=\"wp-block-image size-large is-style-rounded responsive-image\"><img decoding=\"async\" data-wp-bind--src=\"context.core.image.imageCurrentSrc\" data-wp-style--object-fit=\"selectors.core.image.lightboxObjectFit\" data-id=\"2308\" src=\"\" alt=\"\" class=\"wp-image-2308\"\/><\/figure>\n<\/div>\n                <div class=\"lightbox-image-container\">\n<figure class=\"wp-block-image size-large is-style-rounded enlarged-image\"><img decoding=\"async\" data-wp-bind--src=\"selectors.core.image.enlargedImgSrc\" data-wp-style--object-fit=\"selectors.core.image.lightboxObjectFit\" data-id=\"2308\" src=\"\" alt=\"\" class=\"wp-image-2308\"\/><\/figure>\n<\/div>\n                <div class=\"scrim\" style=\"background-color: var(--wp--preset--color--base)\" aria-hidden=\"true\"><\/div>\n        <\/div><\/figure>\n<\/figure>\n","protected":false},"excerpt":{"rendered":"<p>Hakomed Italia freut sich, Ihnen mitteilen zu k\u00f6nnen, dass wir vom 26. bis 29. M\u00e4rz 2026 bereits zum 4. Mal auf der Cosmoprof Worldwide Bologna vertreten sein werden.<\/p>\n<p>Auf einer der weltweit f\u00fchrenden Messen f\u00fcr professionelle Kosmetik und \u00e4sthetische Technologien pr\u00e4sentieren wir unsere innovativen Beauty-Ger\u00e4te der Marke qmd\u00ae und geben Einblick in die neuesten Entwicklungen unseres Portfolios.<\/p>\n","protected":false},"author":2,"featured_media":2868,"comment_status":"closed","ping_status":"closed","sticky":false,"template":"","format":"standard","meta":{"inline_featured_image":false,"footnotes":""},"categories":[1],"tags":[],"_links":{"self":[{"href":"https:\/\/www.qmd-aesthetics.com\/de\/wp-json\/wp\/v2\/posts\/2864"}],"collection":[{"href":"https:\/\/www.qmd-aesthetics.com\/de\/wp-json\/wp\/v2\/posts"}],"about":[{"href":"https:\/\/www.qmd-aesthetics.com\/de\/wp-json\/wp\/v2\/types\/post"}],"author":[{"embeddable":true,"href":"https:\/\/www.qmd-aesthetics.com\/de\/wp-json\/wp\/v2\/users\/2"}],"replies":[{"embeddable":true,"href":"https:\/\/www.qmd-aesthetics.com\/de\/wp-json\/wp\/v2\/comments?post=2864"}],"version-history":[{"count":6,"href":"https:\/\/www.qmd-aesthetics.com\/de\/wp-json\/wp\/v2\/posts\/2864\/revisions"}],"predecessor-version":[{"id":2875,"href":"https:\/\/www.qmd-aesthetics.com\/de\/wp-json\/wp\/v2\/posts\/2864\/revisions\/2875"}],"wp:featuredmedia":[{"embeddable":true,"href":"https:\/\/www.qmd-aesthetics.com\/de\/wp-json\/wp\/v2\/media\/2868"}],"wp:attachment":[{"href":"https:\/\/www.qmd-aesthetics.com\/de\/wp-json\/wp\/v2\/media?parent=2864"}],"wp:term":[{"taxonomy":"category","embeddable":true,"href":"https:\/\/www.qmd-aesthetics.com\/de\/wp-json\/wp\/v2\/categories?post=2864"},{"taxonomy":"post_tag","embeddable":true,"href":"https:\/\/www.qmd-aesthetics.com\/de\/wp-json\/wp\/v2\/tags?post=2864"}],"curies":[{"name":"wp","href":"https:\/\/api.w.org\/{rel}","templated":true}]}}